{"id":5141,"date":"2023-09-06T14:01:00","date_gmt":"2023-09-06T13:01:00","guid":{"rendered":"https:\/\/www.smj.fo\/temadagur-um-kloakkvidurskifti\/"},"modified":"2024-01-19T14:56:54","modified_gmt":"2024-01-19T14:56:54","slug":"temadagur-um-kloakkvidurskifti","status":"publish","type":"post","link":"https:\/\/www.smj.fo\/kl-gl\/temadagur-um-kloakkvidurskifti\/","title":{"rendered":"Temadag om kloakforhold"},"content":{"rendered":"\n<p>I dag er der temadag om kloakforhold i F\u00e6r\u00f8erne, arrangeret af Klaksv\u00edk Kommune, med omkring 100 deltagere. Et meget interessant og relevant emne at bringe p\u00e5 banen.<\/p>\n\n\n\n<p>Vores egen, Karin Haraldson, har netop haft en pr\u00e6sentation om, hvad der g\u00f8res, eller ikke g\u00f8res, i forbindelse med rensning af spildevand.<\/p>\n\n\n\n<p>Programmet omfatter blandt andet ogs\u00e5 en pr\u00e6sentation af Rakul Mortensen om den aktuelle situation p\u00e5 F\u00e6r\u00f8erne. John Zachariassen taler om spildevandsunders\u00f8gelser. Der er ogs\u00e5 leverand\u00f8rer af kloakl\u00f8sninger p\u00e5 programmet.<\/p>\n\n\n\n<figure class=\"wp-block-image size-full\"><img loading=\"lazy\" decoding=\"async\" width=\"1024\" height=\"768\" src=\"https:\/\/www.smj.fo\/wp-content\/uploads\/2023\/12\/1-11.jpg\" alt=\"\" class=\"wp-image-3107\" srcset=\"https:\/\/www.smj.fo\/wp-content\/uploads\/2023\/12\/1-11.jpg 1024w, https:\/\/www.smj.fo\/wp-content\/uploads\/2023\/12\/1-11-800x600.jpg 800w, https:\/\/www.smj.fo\/wp-content\/uploads\/2023\/12\/1-11-768x576.jpg 768w\" sizes=\"auto, (max-width: 1024px) 100vw, 1024px\" \/><\/figure>\n\n\n\n<div style=\"height:100px\" aria-hidden=\"true\" class=\"wp-block-spacer\"><\/div>\n","protected":false},"excerpt":{"rendered":"<p>I dag er der temadag om kloakforhold i F\u00e6r\u00f8erne, arrangeret af Klaksv\u00edk Kommune, med omkring 100 deltagere. Et meget interessant og relevant emne at bringe p\u00e5 banen. Vores egen, Karin Haraldson, har netop haft en pr\u00e6sentation om, hvad der g\u00f8res, eller ikke g\u00f8res, i forbindelse med rensning af spildevand. Programmet omfatter blandt andet ogs\u00e5 en [&hellip;]<\/p>\n","protected":false},"author":3,"featured_media":3106,"comment_status":"closed","ping_status":"open","sticky":false,"template":"","format":"standard","meta":{"_acf_changed":false,"footnotes":""},"categories":[134],"tags":[],"class_list":["post-5141","post","type-post","status-publish","format-standard","has-post-thumbnail","hentry","category-news-kl-gl"],"acf":[],"yoast_head":"<!-- This site is optimized with the Yoast SEO plugin v27.5 - https:\/\/yoast.com\/product\/yoast-seo-wordpress\/ -->\n<title>Temadag om kloakforhold - SMJ<\/title>\n<meta name=\"robots\" content=\"index, follow, max-snippet:-1, max-image-preview:large, max-video-preview:-1\" \/>\n<link rel=\"canonical\" href=\"https:\/\/www.smj.fo\/kl-gl\/temadagur-um-kloakkvidurskifti\/\" \/>\n<meta property=\"og:locale\" content=\"en_US\" \/>\n<meta property=\"og:type\" content=\"article\" \/>\n<meta property=\"og:title\" content=\"Temadag om kloakforhold - SMJ\" \/>\n<meta property=\"og:description\" content=\"I dag er der temadag om kloakforhold i F\u00e6r\u00f8erne, arrangeret af Klaksv\u00edk Kommune, med omkring 100 deltagere. Et meget interessant og relevant emne at bringe p\u00e5 banen. Vores egen, Karin Haraldson, har netop haft en pr\u00e6sentation om, hvad der g\u00f8res, eller ikke g\u00f8res, i forbindelse med rensning af spildevand. Programmet omfatter blandt andet ogs\u00e5 en [&hellip;]\" \/>\n<meta property=\"og:url\" content=\"https:\/\/www.smj.fo\/kl-gl\/temadagur-um-kloakkvidurskifti\/\" \/>\n<meta property=\"og:site_name\" content=\"SMJ\" \/>\n<meta property=\"article:published_time\" content=\"2023-09-06T13:01:00+00:00\" \/>\n<meta property=\"article:modified_time\" content=\"2024-01-19T14:56:54+00:00\" \/>\n<meta property=\"og:image\" content=\"http:\/\/www.smj.fo\/wp-content\/uploads\/2023\/12\/2-7.jpg\" \/>\n\t<meta property=\"og:image:width\" content=\"2776\" \/>\n\t<meta property=\"og:image:height\" content=\"2082\" \/>\n\t<meta property=\"og:image:type\" content=\"image\/jpeg\" \/>\n<meta name=\"author\" content=\"P\u00e6tur Jakobsen\" \/>\n<meta name=\"twitter:card\" content=\"summary_large_image\" \/>\n<meta name=\"twitter:label1\" content=\"Written by\" \/>\n\t<meta name=\"twitter:data1\" content=\"P\u00e6tur Jakobsen\" \/>\n\t<meta name=\"twitter:label2\" content=\"Est. reading time\" \/>\n\t<meta name=\"twitter:data2\" content=\"1 minute\" \/>\n<script type=\"application\/ld+json\" class=\"yoast-schema-graph\">{\"@context\":\"https:\\\/\\\/schema.org\",\"@graph\":[{\"@type\":\"Article\",\"@id\":\"https:\\\/\\\/www.smj.fo\\\/kl-gl\\\/temadagur-um-kloakkvidurskifti\\\/#article\",\"isPartOf\":{\"@id\":\"https:\\\/\\\/www.smj.fo\\\/kl-gl\\\/temadagur-um-kloakkvidurskifti\\\/\"},\"author\":{\"name\":\"P\u00e6tur Jakobsen\",\"@id\":\"https:\\\/\\\/www.smj.fo\\\/kl-gl\\\/#\\\/schema\\\/person\\\/3038078e81bf420b0c4770e8f12e8b45\"},\"headline\":\"Temadag om kloakforhold\",\"datePublished\":\"2023-09-06T13:01:00+00:00\",\"dateModified\":\"2024-01-19T14:56:54+00:00\",\"mainEntityOfPage\":{\"@id\":\"https:\\\/\\\/www.smj.fo\\\/kl-gl\\\/temadagur-um-kloakkvidurskifti\\\/\"},\"wordCount\":92,\"image\":{\"@id\":\"https:\\\/\\\/www.smj.fo\\\/kl-gl\\\/temadagur-um-kloakkvidurskifti\\\/#primaryimage\"},\"thumbnailUrl\":\"https:\\\/\\\/www.smj.fo\\\/wp-content\\\/uploads\\\/2023\\\/12\\\/2-7.jpg\",\"articleSection\":[\"T\u00ed\u00f0indi\"],\"inLanguage\":\"kl-GL\"},{\"@type\":\"WebPage\",\"@id\":\"https:\\\/\\\/www.smj.fo\\\/kl-gl\\\/temadagur-um-kloakkvidurskifti\\\/\",\"url\":\"https:\\\/\\\/www.smj.fo\\\/kl-gl\\\/temadagur-um-kloakkvidurskifti\\\/\",\"name\":\"Temadag om kloakforhold - SMJ\",\"isPartOf\":{\"@id\":\"https:\\\/\\\/www.smj.fo\\\/kl-gl\\\/#website\"},\"primaryImageOfPage\":{\"@id\":\"https:\\\/\\\/www.smj.fo\\\/kl-gl\\\/temadagur-um-kloakkvidurskifti\\\/#primaryimage\"},\"image\":{\"@id\":\"https:\\\/\\\/www.smj.fo\\\/kl-gl\\\/temadagur-um-kloakkvidurskifti\\\/#primaryimage\"},\"thumbnailUrl\":\"https:\\\/\\\/www.smj.fo\\\/wp-content\\\/uploads\\\/2023\\\/12\\\/2-7.jpg\",\"datePublished\":\"2023-09-06T13:01:00+00:00\",\"dateModified\":\"2024-01-19T14:56:54+00:00\",\"author\":{\"@id\":\"https:\\\/\\\/www.smj.fo\\\/kl-gl\\\/#\\\/schema\\\/person\\\/3038078e81bf420b0c4770e8f12e8b45\"},\"breadcrumb\":{\"@id\":\"https:\\\/\\\/www.smj.fo\\\/kl-gl\\\/temadagur-um-kloakkvidurskifti\\\/#breadcrumb\"},\"inLanguage\":\"kl-GL\",\"potentialAction\":[{\"@type\":\"ReadAction\",\"target\":[\"https:\\\/\\\/www.smj.fo\\\/kl-gl\\\/temadagur-um-kloakkvidurskifti\\\/\"]}]},{\"@type\":\"ImageObject\",\"inLanguage\":\"kl-GL\",\"@id\":\"https:\\\/\\\/www.smj.fo\\\/kl-gl\\\/temadagur-um-kloakkvidurskifti\\\/#primaryimage\",\"url\":\"https:\\\/\\\/www.smj.fo\\\/wp-content\\\/uploads\\\/2023\\\/12\\\/2-7.jpg\",\"contentUrl\":\"https:\\\/\\\/www.smj.fo\\\/wp-content\\\/uploads\\\/2023\\\/12\\\/2-7.jpg\",\"width\":2776,\"height\":2082},{\"@type\":\"BreadcrumbList\",\"@id\":\"https:\\\/\\\/www.smj.fo\\\/kl-gl\\\/temadagur-um-kloakkvidurskifti\\\/#breadcrumb\",\"itemListElement\":[{\"@type\":\"ListItem\",\"position\":1,\"name\":\"Home\",\"item\":\"https:\\\/\\\/www.smj.fo\\\/kl-gl\\\/\"},{\"@type\":\"ListItem\",\"position\":2,\"name\":\"Temadag om kloakforhold\"}]},{\"@type\":\"WebSite\",\"@id\":\"https:\\\/\\\/www.smj.fo\\\/kl-gl\\\/#website\",\"url\":\"https:\\\/\\\/www.smj.fo\\\/kl-gl\\\/\",\"name\":\"SMJ\",\"description\":\"\",\"potentialAction\":[{\"@type\":\"SearchAction\",\"target\":{\"@type\":\"EntryPoint\",\"urlTemplate\":\"https:\\\/\\\/www.smj.fo\\\/kl-gl\\\/?s={search_term_string}\"},\"query-input\":{\"@type\":\"PropertyValueSpecification\",\"valueRequired\":true,\"valueName\":\"search_term_string\"}}],\"inLanguage\":\"kl-GL\"},{\"@type\":\"Person\",\"@id\":\"https:\\\/\\\/www.smj.fo\\\/kl-gl\\\/#\\\/schema\\\/person\\\/3038078e81bf420b0c4770e8f12e8b45\",\"name\":\"P\u00e6tur Jakobsen\",\"image\":{\"@type\":\"ImageObject\",\"inLanguage\":\"kl-GL\",\"@id\":\"https:\\\/\\\/secure.gravatar.com\\\/avatar\\\/14504511e619d38e7bf1b7308af2035e79bdfe985fb6f14fcb11820f67efbe40?s=96&d=mm&r=g\",\"url\":\"https:\\\/\\\/secure.gravatar.com\\\/avatar\\\/14504511e619d38e7bf1b7308af2035e79bdfe985fb6f14fcb11820f67efbe40?s=96&d=mm&r=g\",\"contentUrl\":\"https:\\\/\\\/secure.gravatar.com\\\/avatar\\\/14504511e619d38e7bf1b7308af2035e79bdfe985fb6f14fcb11820f67efbe40?s=96&d=mm&r=g\",\"caption\":\"P\u00e6tur Jakobsen\"},\"url\":\"https:\\\/\\\/www.smj.fo\\\/kl-gl\\\/author\\\/paj\\\/\"}]}<\/script>\n<!-- \/ Yoast SEO plugin. -->","yoast_head_json":{"title":"Temadag om kloakforhold - SMJ","robots":{"index":"index","follow":"follow","max-snippet":"max-snippet:-1","max-image-preview":"max-image-preview:large","max-video-preview":"max-video-preview:-1"},"canonical":"https:\/\/www.smj.fo\/kl-gl\/temadagur-um-kloakkvidurskifti\/","og_locale":"en_US","og_type":"article","og_title":"Temadag om kloakforhold - SMJ","og_description":"I dag er der temadag om kloakforhold i F\u00e6r\u00f8erne, arrangeret af Klaksv\u00edk Kommune, med omkring 100 deltagere. Et meget interessant og relevant emne at bringe p\u00e5 banen. Vores egen, Karin Haraldson, har netop haft en pr\u00e6sentation om, hvad der g\u00f8res, eller ikke g\u00f8res, i forbindelse med rensning af spildevand. Programmet omfatter blandt andet ogs\u00e5 en [&hellip;]","og_url":"https:\/\/www.smj.fo\/kl-gl\/temadagur-um-kloakkvidurskifti\/","og_site_name":"SMJ","article_published_time":"2023-09-06T13:01:00+00:00","article_modified_time":"2024-01-19T14:56:54+00:00","og_image":[{"width":2776,"height":2082,"url":"http:\/\/www.smj.fo\/wp-content\/uploads\/2023\/12\/2-7.jpg","type":"image\/jpeg"}],"author":"P\u00e6tur Jakobsen","twitter_card":"summary_large_image","twitter_misc":{"Written by":"P\u00e6tur Jakobsen","Est. reading time":"1 minute"},"schema":{"@context":"https:\/\/schema.org","@graph":[{"@type":"Article","@id":"https:\/\/www.smj.fo\/kl-gl\/temadagur-um-kloakkvidurskifti\/#article","isPartOf":{"@id":"https:\/\/www.smj.fo\/kl-gl\/temadagur-um-kloakkvidurskifti\/"},"author":{"name":"P\u00e6tur Jakobsen","@id":"https:\/\/www.smj.fo\/kl-gl\/#\/schema\/person\/3038078e81bf420b0c4770e8f12e8b45"},"headline":"Temadag om kloakforhold","datePublished":"2023-09-06T13:01:00+00:00","dateModified":"2024-01-19T14:56:54+00:00","mainEntityOfPage":{"@id":"https:\/\/www.smj.fo\/kl-gl\/temadagur-um-kloakkvidurskifti\/"},"wordCount":92,"image":{"@id":"https:\/\/www.smj.fo\/kl-gl\/temadagur-um-kloakkvidurskifti\/#primaryimage"},"thumbnailUrl":"https:\/\/www.smj.fo\/wp-content\/uploads\/2023\/12\/2-7.jpg","articleSection":["T\u00ed\u00f0indi"],"inLanguage":"kl-GL"},{"@type":"WebPage","@id":"https:\/\/www.smj.fo\/kl-gl\/temadagur-um-kloakkvidurskifti\/","url":"https:\/\/www.smj.fo\/kl-gl\/temadagur-um-kloakkvidurskifti\/","name":"Temadag om kloakforhold - SMJ","isPartOf":{"@id":"https:\/\/www.smj.fo\/kl-gl\/#website"},"primaryImageOfPage":{"@id":"https:\/\/www.smj.fo\/kl-gl\/temadagur-um-kloakkvidurskifti\/#primaryimage"},"image":{"@id":"https:\/\/www.smj.fo\/kl-gl\/temadagur-um-kloakkvidurskifti\/#primaryimage"},"thumbnailUrl":"https:\/\/www.smj.fo\/wp-content\/uploads\/2023\/12\/2-7.jpg","datePublished":"2023-09-06T13:01:00+00:00","dateModified":"2024-01-19T14:56:54+00:00","author":{"@id":"https:\/\/www.smj.fo\/kl-gl\/#\/schema\/person\/3038078e81bf420b0c4770e8f12e8b45"},"breadcrumb":{"@id":"https:\/\/www.smj.fo\/kl-gl\/temadagur-um-kloakkvidurskifti\/#breadcrumb"},"inLanguage":"kl-GL","potentialAction":[{"@type":"ReadAction","target":["https:\/\/www.smj.fo\/kl-gl\/temadagur-um-kloakkvidurskifti\/"]}]},{"@type":"ImageObject","inLanguage":"kl-GL","@id":"https:\/\/www.smj.fo\/kl-gl\/temadagur-um-kloakkvidurskifti\/#primaryimage","url":"https:\/\/www.smj.fo\/wp-content\/uploads\/2023\/12\/2-7.jpg","contentUrl":"https:\/\/www.smj.fo\/wp-content\/uploads\/2023\/12\/2-7.jpg","width":2776,"height":2082},{"@type":"BreadcrumbList","@id":"https:\/\/www.smj.fo\/kl-gl\/temadagur-um-kloakkvidurskifti\/#breadcrumb","itemListElement":[{"@type":"ListItem","position":1,"name":"Home","item":"https:\/\/www.smj.fo\/kl-gl\/"},{"@type":"ListItem","position":2,"name":"Temadag om kloakforhold"}]},{"@type":"WebSite","@id":"https:\/\/www.smj.fo\/kl-gl\/#website","url":"https:\/\/www.smj.fo\/kl-gl\/","name":"SMJ","description":"","potentialAction":[{"@type":"SearchAction","target":{"@type":"EntryPoint","urlTemplate":"https:\/\/www.smj.fo\/kl-gl\/?s={search_term_string}"},"query-input":{"@type":"PropertyValueSpecification","valueRequired":true,"valueName":"search_term_string"}}],"inLanguage":"kl-GL"},{"@type":"Person","@id":"https:\/\/www.smj.fo\/kl-gl\/#\/schema\/person\/3038078e81bf420b0c4770e8f12e8b45","name":"P\u00e6tur Jakobsen","image":{"@type":"ImageObject","inLanguage":"kl-GL","@id":"https:\/\/secure.gravatar.com\/avatar\/14504511e619d38e7bf1b7308af2035e79bdfe985fb6f14fcb11820f67efbe40?s=96&d=mm&r=g","url":"https:\/\/secure.gravatar.com\/avatar\/14504511e619d38e7bf1b7308af2035e79bdfe985fb6f14fcb11820f67efbe40?s=96&d=mm&r=g","contentUrl":"https:\/\/secure.gravatar.com\/avatar\/14504511e619d38e7bf1b7308af2035e79bdfe985fb6f14fcb11820f67efbe40?s=96&d=mm&r=g","caption":"P\u00e6tur Jakobsen"},"url":"https:\/\/www.smj.fo\/kl-gl\/author\/paj\/"}]}},"_links":{"self":[{"href":"https:\/\/www.smj.fo\/kl-gl\/wp-json\/wp\/v2\/posts\/5141","targetHints":{"allow":["GET"]}}],"collection":[{"href":"https:\/\/www.smj.fo\/kl-gl\/wp-json\/wp\/v2\/posts"}],"about":[{"href":"https:\/\/www.smj.fo\/kl-gl\/wp-json\/wp\/v2\/types\/post"}],"author":[{"embeddable":true,"href":"https:\/\/www.smj.fo\/kl-gl\/wp-json\/wp\/v2\/users\/3"}],"replies":[{"embeddable":true,"href":"https:\/\/www.smj.fo\/kl-gl\/wp-json\/wp\/v2\/comments?post=5141"}],"version-history":[{"count":1,"href":"https:\/\/www.smj.fo\/kl-gl\/wp-json\/wp\/v2\/posts\/5141\/revisions"}],"predecessor-version":[{"id":5142,"href":"https:\/\/www.smj.fo\/kl-gl\/wp-json\/wp\/v2\/posts\/5141\/revisions\/5142"}],"wp:featuredmedia":[{"embeddable":true,"href":"https:\/\/www.smj.fo\/kl-gl\/wp-json\/wp\/v2\/media\/3106"}],"wp:attachment":[{"href":"https:\/\/www.smj.fo\/kl-gl\/wp-json\/wp\/v2\/media?parent=5141"}],"wp:term":[{"taxonomy":"category","embeddable":true,"href":"https:\/\/www.smj.fo\/kl-gl\/wp-json\/wp\/v2\/categories?post=5141"},{"taxonomy":"post_tag","embeddable":true,"href":"https:\/\/www.smj.fo\/kl-gl\/wp-json\/wp\/v2\/tags?post=5141"}],"curies":[{"name":"wp","href":"https:\/\/api.w.org\/{rel}","templated":true}]}}